{"id":154,"date":"2012-03-20T00:27:30","date_gmt":"2012-03-19T23:27:30","guid":{"rendered":"http:\/\/www.abc-dsl.de\/blog\/?p=154"},"modified":"2012-03-17T00:29:40","modified_gmt":"2012-03-16T23:29:40","slug":"vorratsdatenspeicherung-war-wirkungslos","status":"publish","type":"post","link":"http:\/\/www.abc-dsl.de\/blog\/vorratsdatenspeicherung-war-wirkungslos\/","title":{"rendered":"Vorratsdatenspeicherung war wirkungslos"},"content":{"rendered":"<p>Als das Gesetz zur Vorratsdatenspeicherung vor knapp 5 Jahren beschlossen wurde, standen Verbrechensbek\u00e4mpfung und Terrorismus-Verfolgung ganz oben auf der Liste der Gr\u00fcnde. Die Telekommunikationsdaten von ganz normalen B\u00fcrgern seien essentiell in der L\u00f6sung und Verhinderung von kriminellen und terroristischen Akten, hie\u00df es seinerseits. Im M\u00e4rz 2010 wurde das entsprechende Gesetz dann vom Bundesverfassungsgericht gekippt. Nach Meinung der Richter verstie\u00df es gegen die Grunds\u00e4tze der Verfassung. CDU-Innenexperte Wolfgang Bosbach hatte kurz vor der Entscheidung des Verfassungsgerichts noch lauthals gewarnt: &#8222;Sollte das Gericht das Gesetz verwerfen, werden viele T\u00e4ter nicht mehr \u00fcberf\u00fchrt werden k\u00f6nnen. Die Terrorhelfer sind hochkommunikativ und konspirativ, wir brauchen den Datenzugriff.&#8220;<br \/>\nIm vergangenen Jahr hatte das Max-Planck-Institut eine Studie angefertigt, welche sich mit der Verwendung von gespeicherten Telekommunikationsdaten und der Erfolgsquote bei der Verbrechensbek\u00e4mpfung auseinandersetzte. Die Ergebnisse waren seinerzeit nicht gro\u00dfartig bekannt gemacht worden, da sie konkret den Ideen der sogenannten Experten widersprachen. Kurz gesagt: Es spielt keine Rollen, ob die Tele-Daten gespeichert werden oder nicht. Es wurden in der Zeit, als das Gesetz g\u00fcltig war und angewendet wurde, nicht mehr Terror-Anschl\u00e4ge verhindert als sonst auch. Und die Aufkl\u00e4rungsquote bei Straftaten \u00e4nderte sich auch nicht. Die Studie fa\u00dft das Ergebnis einwandfrei zusammen: &#8222;(Es) liegen im \u00dcbrigen keinerlei Hinweise daf\u00fcr vor, da\u00df auf Vorrat gespeicherte Verkehrsdaten in den letzten Jahren zur Verhinderung eines Terroranschlags gef\u00fchrt h\u00e4tten.&#8220;<\/p>\n","protected":false},"excerpt":{"rendered":"<p>Als das Gesetz zur Vorratsdatenspeicherung vor knapp 5 Jahren beschlossen wurde, standen Verbrechensbek\u00e4mpfung und Terrorismus-Verfolgung ganz oben auf der Liste der Gr\u00fcnde. Die Telekommunikationsdaten von ganz normalen B\u00fcrgern seien essentiell in der L\u00f6sung und Verhinderung von kriminellen und terroristischen Akten, hie\u00df es seinerseits. Im M\u00e4rz 2010 wurde das entsprechende Gesetz dann vom Bundesverfassungsgericht gekippt. Nach [&hellip;]<\/p>\n","protected":false},"author":3,"featured_media":0,"comment_status":"open","ping_status":"open","sticky":false,"template":"","format":"standard","meta":{"footnotes":""},"categories":[1],"tags":[],"class_list":["post-154","post","type-post","status-publish","format-standard","hentry","category-allgemein"],"_links":{"self":[{"href":"http:\/\/www.abc-dsl.de\/blog\/wp-json\/wp\/v2\/posts\/154","targetHints":{"allow":["GET"]}}],"collection":[{"href":"http:\/\/www.abc-dsl.de\/blog\/wp-json\/wp\/v2\/posts"}],"about":[{"href":"http:\/\/www.abc-dsl.de\/blog\/wp-json\/wp\/v2\/types\/post"}],"author":[{"embeddable":true,"href":"http:\/\/www.abc-dsl.de\/blog\/wp-json\/wp\/v2\/users\/3"}],"replies":[{"embeddable":true,"href":"http:\/\/www.abc-dsl.de\/blog\/wp-json\/wp\/v2\/comments?post=154"}],"version-history":[{"count":1,"href":"http:\/\/www.abc-dsl.de\/blog\/wp-json\/wp\/v2\/posts\/154\/revisions"}],"predecessor-version":[{"id":155,"href":"http:\/\/www.abc-dsl.de\/blog\/wp-json\/wp\/v2\/posts\/154\/revisions\/155"}],"wp:attachment":[{"href":"http:\/\/www.abc-dsl.de\/blog\/wp-json\/wp\/v2\/media?parent=154"}],"wp:term":[{"taxonomy":"category","embeddable":true,"href":"http:\/\/www.abc-dsl.de\/blog\/wp-json\/wp\/v2\/categories?post=154"},{"taxonomy":"post_tag","embeddable":true,"href":"http:\/\/www.abc-dsl.de\/blog\/wp-json\/wp\/v2\/tags?post=154"}],"curies":[{"name":"wp","href":"https:\/\/api.w.org\/{rel}","templated":true}]}}